{"id":1438,"date":"2023-11-17T11:27:03","date_gmt":"2023-11-17T14:27:03","guid":{"rendered":"https:\/\/decabron.com.br\/blog\/?p=1438"},"modified":"2023-11-17T11:27:06","modified_gmt":"2023-11-17T14:27:06","slug":"8-expressoes-racistas-pra-tirar-do-seu-vocabulario","status":"publish","type":"post","link":"http:\/\/decabron.com.br\/blog\/8-expressoes-racistas-pra-tirar-do-seu-vocabulario\/","title":{"rendered":"8 express\u00f5es racistas pra tirar do seu vocabul\u00e1rio"},"content":{"rendered":"\n<p>Comemoramos no dia 20 de novembro o Dia da Consci\u00eancia Negra, data importante para a real consci\u00eancia do quanto ainda reproduzimos de maneira natural atitudes e falas racistas em nosso dia a dia (que n\u00e3o deixam de ser racistas s\u00f3 porque foi \u201csem querer\u201d ou sem saber.<\/p>\n\n\n\n<p class=\"has-medium-font-size\"><strong>Por isso, preparamos uma lista com 8 express\u00f5es racistas para tirar do seu vocabul\u00e1rio e o por qu\u00ea:&nbsp;<\/strong><\/p>\n\n\n\n<h3 class=\"wp-block-heading has-medium-font-size\"><strong>1- \u201cAmanh\u00e3 \u00e9 dia de branco\u201d<\/strong><\/h3>\n\n\n\n<p>Essa express\u00e3o remete \u00e0 imagem de que negros s\u00e3o \u201cvagabundos\u201d, resqu\u00edcio da \u00e9poca escravista, por mais que os escravos trabalhassem mais do que qualquer um e sem remunera\u00e7\u00e3o. O que ficou foi a imagem de negro malandro, que n\u00e3o gosta de trabalhar, que n\u00e3o se esfor\u00e7a e por isso tem cotas nas universidades e por a\u00ed vai at\u00e9 os dias de hoje.&nbsp;<\/p>\n\n\n\n<h3 class=\"wp-block-heading has-medium-font-size\"><strong>2. \u201cA coisa t\u00e1 preta\u201d<\/strong><\/h3>\n\n\n\n<p>Se algo est\u00e1 dando errado, se voc\u00ea n\u00e3o t\u00e1 legal em uma situa\u00e7\u00e3o, adivinhe? L\u00e1 vem a compara\u00e7\u00e3o com os pretos n\u00e3o serem coisas boas.<\/p>\n\n\n\n<h3 class=\"wp-block-heading has-medium-font-size\"><strong>3- \u201cServi\u00e7o de preto\u201d<\/strong><\/h3>\n\n\n\n<p>No mesmo combo vem o servi\u00e7o de preto, uma desqualifica\u00e7\u00e3o de trabalho como se preto fosse desleixado. Ent\u00e3o, servi\u00e7o de preto (ruim) dia de branco (bom), refor\u00e7ando adjetivos que perduram desde a escravid\u00e3o.&nbsp;<\/p>\n\n\n\n<h3 class=\"wp-block-heading has-medium-font-size\"><strong>4- \u201cDenegrir\u201d<\/strong><\/h3>\n\n\n\n<p>Usamos esta palavra para dizer que algu\u00e9m est\u00e1 sendo difamado. Ela significa \u201ctornar negro\u201d e atribuir um significado pejorativo a ela \u00e9 racismo sim.&nbsp;<\/p>\n\n\n\n<h3 class=\"wp-block-heading has-medium-font-size\"><strong>5- \u201cN\u00e3o sou tuas negas\u201d<\/strong><\/h3>\n\n\n\n<p>As mulheres negras eram escravizadas, assediadas e estupradas como se fosse algo normal. Ent\u00e3o a frase d\u00e1 a ideia de que pode-se tudo com elas, que negras servem como quiser e que as demais mulheres n\u00e3o.&nbsp;<\/p>\n\n\n\n<h3 class=\"wp-block-heading has-medium-font-size\"><strong>6- \u201cInveja branca\u201d<\/strong><\/h3>\n\n\n\n<p>Se a inveja branca \u00e9 a boa, a positiva, por que seria? Porque mais uma vez o preto, o negro, est\u00e1 identificado ao comportamento negativo.&nbsp;<\/p>\n\n\n\n<p class=\"has-medium-font-size\"><strong>7. \u201cDom\u00e9stica\u201d<\/strong><\/p>\n\n\n\n<p><strong>A<\/strong>s mulheres negras que trabalhavam dentro da casa das fam\u00edlias brancas eram consideradas domesticadas, por isso levavam este nome, j\u00e1 que os negros eram considerados animais a serem demesticados por meio da tortura.<\/p>\n\n\n\n<p class=\"has-medium-font-size\"><strong>8. \u201cNasceu com um p\u00e9 na cozinha\u201d<\/strong><\/p>\n\n\n\n<p>Essa express\u00e3o significa literalmente ter origens negras, aonde a mulher negra \u00e9 sempre associada aos servi\u00e7os dom\u00e9sticos, principalmente na cozinhas das casas grandes.\u00a0<\/p>\n\n\n\n<p>Existem ainda outras infinitas express\u00f5es para repersarmos, mas, por hora, vamos come\u00e7ar com essas n\u00e9? Conta pra gente nos coment\u00e1rios o que achou!<\/p>\n","protected":false},"excerpt":{"rendered":"<p>Preparamos uma lista com 8 express\u00f5es racistas para tirar do seu vocabul\u00e1rio e o por qu\u00ea:\u00a0<\/p>\n","protected":false},"author":1,"featured_media":1440,"comment_status":"open","ping_status":"open","sticky":false,"template":"","format":"standard","meta":{"footnotes":""},"categories":[4],"tags":[],"class_list":{"0":"post-1438","1":"post","2":"type-post","3":"status-publish","4":"format-standard","5":"has-post-thumbnail","7":"category-chincho-lifestyle"},"_links":{"self":[{"href":"http:\/\/decabron.com.br\/blog\/wp-json\/wp\/v2\/posts\/1438","targetHints":{"allow":["GET"]}}],"collection":[{"href":"http:\/\/decabron.com.br\/blog\/wp-json\/wp\/v2\/posts"}],"about":[{"href":"http:\/\/decabron.com.br\/blog\/wp-json\/wp\/v2\/types\/post"}],"author":[{"embeddable":true,"href":"http:\/\/decabron.com.br\/blog\/wp-json\/wp\/v2\/users\/1"}],"replies":[{"embeddable":true,"href":"http:\/\/decabron.com.br\/blog\/wp-json\/wp\/v2\/comments?post=1438"}],"version-history":[{"count":2,"href":"http:\/\/decabron.com.br\/blog\/wp-json\/wp\/v2\/posts\/1438\/revisions"}],"predecessor-version":[{"id":1441,"href":"http:\/\/decabron.com.br\/blog\/wp-json\/wp\/v2\/posts\/1438\/revisions\/1441"}],"wp:featuredmedia":[{"embeddable":true,"href":"http:\/\/decabron.com.br\/blog\/wp-json\/wp\/v2\/media\/1440"}],"wp:attachment":[{"href":"http:\/\/decabron.com.br\/blog\/wp-json\/wp\/v2\/media?parent=1438"}],"wp:term":[{"taxonomy":"category","embeddable":true,"href":"http:\/\/decabron.com.br\/blog\/wp-json\/wp\/v2\/categories?post=1438"},{"taxonomy":"post_tag","embeddable":true,"href":"http:\/\/decabron.com.br\/blog\/wp-json\/wp\/v2\/tags?post=1438"}],"curies":[{"name":"wp","href":"https:\/\/api.w.org\/{rel}","templated":true}]}}